{"id":8,"date":"2012-12-17T22:01:43","date_gmt":"2012-12-17T20:01:43","guid":{"rendered":"http:\/\/www2.edelmann.tv\/wp\/?p=8"},"modified":"2014-07-27T17:53:56","modified_gmt":"2014-07-27T15:53:56","slug":"bilder-unserer-hochzeit","status":"publish","type":"post","link":"http:\/\/www.edelmann.tv\/?p=8","title":{"rendered":"Wir haben geheiratet!"},"content":{"rendered":"<p>Am 06.12.2012 in Bassano del Grappa\/Italien war es soweit. Wir starteten den Tag im Palazzo Sturm \/ Keramikmuseum mit dem offiziellem Teil der Trauung; an einem unfliegbaren und strahlend sch\u00f6nem Nordf\u00f6hntag. Unsere n\u00e4chsten Stationen an diesem besonderen Tag f\u00fchrten uns danach auf die Ponte degli Alpini zum Sektempfang, weiter ging es \u00fcber den Weihnachtsmarkt zum Bahnhof, um noch mit unseren Eltern und Freunden in Venedig von der Rialtobr\u00fccke startend Gondeln zu fahren. Den Abend lie\u00dfen wir, von Emanuele hervorragend organisiert, in der Antica Abbazia bei Spei\u00df, Trank und Sorbetto ausklingen. Dieser Wander-\/Abenteuertag wird wohl bei allen Beteiligten in unvergesslicher Erinnerung bleiben \ud83d\ude42 Ganz besonders auch durch und bei Ewa, die an diesem Tag noch ein paar Kilometer mehr geleistet hat um alles f\u00fcr uns fotografisch festzuhalten.<\/p>\n\n<div data-carousel-extra='{\"blog_id\":1,\"permalink\":\"http:\\\/\\\/www.edelmann.tv\\\/?p=8\"}' class='gallery'><dl class='gallery-item'>\n\t\t\t<dt class='gallery-icon portrait'>\n\t\t\t\t<a href='http:\/\/www.edelmann.tv\/?attachment_id=333'><img width=\"531\" height=\"800\" src=\"http:\/\/www.edelmann.tv\/wp\/wp-content\/uploads\/2012\/12\/IMG_0065-531x800.jpg\" class=\"attachment-thumbnail size-thumbnail\" alt=\"\" decoding=\"async\" loading=\"lazy\" aria-describedby=\"gallery-1-333\" srcset=\"http:\/\/www.edelmann.tv\/wp\/wp-content\/uploads\/2012\/12\/IMG_0065-531x800.jpg 531w, http:\/\/www.edelmann.tv\/wp\/wp-content\/uploads\/2012\/12\/IMG_0065.jpg 680w\" sizes=\"(max-width: 531px) 100vw, 531px\" data-attachment-id=\"333\" data-permalink=\"http:\/\/www.edelmann.tv\/?attachment_id=333\" data-orig-file=\"http:\/\/www.edelmann.tv\/wp\/wp-content\/uploads\/2012\/12\/IMG_0065.jpg\" data-orig-size=\"680,1024\" data-comments-opened=\"1\" data-image-meta=\"{&quot;aperture&quot;:&quot;0&quot;,&quot;credit&quot;:&quot;&quot;,&quot;camera&quot;:&quot;&quot;,&quot;caption&quot;:&quot;&quot;,&quot;created_timestamp&quot;:&quot;0&quot;,&quot;copyright&quot;:&quot;&quot;,&quot;focal_length&quot;:&quot;0&quot;,&quot;iso&quot;:&quot;0&quot;,&quot;shutter_speed&quot;:&quot;0&quot;,&quot;title&quot;:&quot;&quot;}\" data-image-title=\"im Museum\" data-image-description=\"\" data-image-caption=\"&lt;p&gt;Im Palazzo Sturm&lt;\/p&gt;\n\" data-medium-file=\"http:\/\/www.edelmann.tv\/wp\/wp-content\/uploads\/2012\/12\/IMG_0065.jpg\" data-large-file=\"http:\/\/www.edelmann.tv\/wp\/wp-content\/uploads\/2012\/12\/IMG_0065.jpg\" \/><\/a>\n\t\t\t<\/dt>\n\t\t\t\t<dd class='wp-caption-text gallery-caption' id='gallery-1-333'>\n\t\t\t\tIm Palazzo Sturm\n\t\t\t\t<\/dd><\/dl><dl class='gallery-item'>\n\t\t\t<dt class='gallery-icon landscape'>\n\t\t\t\t<a href='http:\/\/www.edelmann.tv\/?attachment_id=334'><img width=\"800\" height=\"546\" src=\"http:\/\/www.edelmann.tv\/wp\/wp-content\/uploads\/2012\/12\/IMG_0014-800x546.jpg\" class=\"attachment-thumbnail size-thumbnail\" alt=\"\" decoding=\"async\" loading=\"lazy\" aria-describedby=\"gallery-1-334\" srcset=\"http:\/\/www.edelmann.tv\/wp\/wp-content\/uploads\/2012\/12\/IMG_0014-800x546.jpg 800w, http:\/\/www.edelmann.tv\/wp\/wp-content\/uploads\/2012\/12\/IMG_0014.jpg 1024w\" sizes=\"(max-width: 800px) 100vw, 800px\" data-attachment-id=\"334\" data-permalink=\"http:\/\/www.edelmann.tv\/?attachment_id=334\" data-orig-file=\"http:\/\/www.edelmann.tv\/wp\/wp-content\/uploads\/2012\/12\/IMG_0014.jpg\" data-orig-size=\"1024,699\" data-comments-opened=\"1\" data-image-meta=\"{&quot;aperture&quot;:&quot;0&quot;,&quot;credit&quot;:&quot;&quot;,&quot;camera&quot;:&quot;&quot;,&quot;caption&quot;:&quot;&quot;,&quot;created_timestamp&quot;:&quot;0&quot;,&quot;copyright&quot;:&quot;&quot;,&quot;focal_length&quot;:&quot;0&quot;,&quot;iso&quot;:&quot;0&quot;,&quot;shutter_speed&quot;:&quot;0&quot;,&quot;title&quot;:&quot;&quot;}\" data-image-title=\"vor dem Museum\" data-image-description=\"\" data-image-caption=\"&lt;p&gt;vor dem Museum&lt;\/p&gt;\n\" data-medium-file=\"http:\/\/www.edelmann.tv\/wp\/wp-content\/uploads\/2012\/12\/IMG_0014.jpg\" data-large-file=\"http:\/\/www.edelmann.tv\/wp\/wp-content\/uploads\/2012\/12\/IMG_0014.jpg\" \/><\/a>\n\t\t\t<\/dt>\n\t\t\t\t<dd class='wp-caption-text gallery-caption' id='gallery-1-334'>\n\t\t\t\tvor dem Museum\n\t\t\t\t<\/dd><\/dl><dl class='gallery-item'>\n\t\t\t<dt class='gallery-icon landscape'>\n\t\t\t\t<a href='http:\/\/www.edelmann.tv\/?attachment_id=342'><img width=\"800\" height=\"600\" src=\"http:\/\/www.edelmann.tv\/wp\/wp-content\/uploads\/2012\/12\/IMG_0082-800x600.jpg\" class=\"attachment-thumbnail size-thumbnail\" alt=\"\" decoding=\"async\" loading=\"lazy\" aria-describedby=\"gallery-1-342\" srcset=\"http:\/\/www.edelmann.tv\/wp\/wp-content\/uploads\/2012\/12\/IMG_0082-800x600.jpg 800w, http:\/\/www.edelmann.tv\/wp\/wp-content\/uploads\/2012\/12\/IMG_0082.jpg 1024w\" sizes=\"(max-width: 800px) 100vw, 800px\" data-attachment-id=\"342\" data-permalink=\"http:\/\/www.edelmann.tv\/?attachment_id=342\" data-orig-file=\"http:\/\/www.edelmann.tv\/wp\/wp-content\/uploads\/2012\/12\/IMG_0082.jpg\" data-orig-size=\"1024,768\" data-comments-opened=\"1\" data-image-meta=\"{&quot;aperture&quot;:&quot;0&quot;,&quot;credit&quot;:&quot;&quot;,&quot;camera&quot;:&quot;&quot;,&quot;caption&quot;:&quot;&quot;,&quot;created_timestamp&quot;:&quot;0&quot;,&quot;copyright&quot;:&quot;&quot;,&quot;focal_length&quot;:&quot;0&quot;,&quot;iso&quot;:&quot;0&quot;,&quot;shutter_speed&quot;:&quot;0&quot;,&quot;title&quot;:&quot;&quot;}\" data-image-title=\"IMG_0082\" data-image-description=\"\" data-image-caption=\"&lt;p&gt;Unterwegs zum Sekt; Ewa auf der \u00dcberholspur ;-)&lt;\/p&gt;\n\" data-medium-file=\"http:\/\/www.edelmann.tv\/wp\/wp-content\/uploads\/2012\/12\/IMG_0082.jpg\" data-large-file=\"http:\/\/www.edelmann.tv\/wp\/wp-content\/uploads\/2012\/12\/IMG_0082.jpg\" \/><\/a>\n\t\t\t<\/dt>\n\t\t\t\t<dd class='wp-caption-text gallery-caption' id='gallery-1-342'>\n\t\t\t\tUnterwegs zum Sekt; Ewa auf der \u00dcberholspur \ud83d\ude09\n\t\t\t\t<\/dd><\/dl><br style=\"clear: both\" \/><dl class='gallery-item'>\n\t\t\t<dt class='gallery-icon portrait'>\n\t\t\t\t<a href='http:\/\/www.edelmann.tv\/?attachment_id=340'><img width=\"531\" height=\"800\" src=\"http:\/\/www.edelmann.tv\/wp\/wp-content\/uploads\/2012\/12\/IMG_0069-531x800.jpg\" class=\"attachment-thumbnail size-thumbnail\" alt=\"\" decoding=\"async\" loading=\"lazy\" aria-describedby=\"gallery-1-340\" srcset=\"http:\/\/www.edelmann.tv\/wp\/wp-content\/uploads\/2012\/12\/IMG_0069-531x800.jpg 531w, http:\/\/www.edelmann.tv\/wp\/wp-content\/uploads\/2012\/12\/IMG_0069.jpg 680w\" sizes=\"(max-width: 531px) 100vw, 531px\" data-attachment-id=\"340\" data-permalink=\"http:\/\/www.edelmann.tv\/?attachment_id=340\" data-orig-file=\"http:\/\/www.edelmann.tv\/wp\/wp-content\/uploads\/2012\/12\/IMG_0069.jpg\" data-orig-size=\"680,1024\" data-comments-opened=\"1\" data-image-meta=\"{&quot;aperture&quot;:&quot;0&quot;,&quot;credit&quot;:&quot;&quot;,&quot;camera&quot;:&quot;&quot;,&quot;caption&quot;:&quot;&quot;,&quot;created_timestamp&quot;:&quot;0&quot;,&quot;copyright&quot;:&quot;&quot;,&quot;focal_length&quot;:&quot;0&quot;,&quot;iso&quot;:&quot;0&quot;,&quot;shutter_speed&quot;:&quot;0&quot;,&quot;title&quot;:&quot;&quot;}\" data-image-title=\"IMG_0069\" data-image-description=\"\" data-image-caption=\"&lt;p&gt;Der Sekt wird bestellt&lt;\/p&gt;\n\" data-medium-file=\"http:\/\/www.edelmann.tv\/wp\/wp-content\/uploads\/2012\/12\/IMG_0069.jpg\" data-large-file=\"http:\/\/www.edelmann.tv\/wp\/wp-content\/uploads\/2012\/12\/IMG_0069.jpg\" \/><\/a>\n\t\t\t<\/dt>\n\t\t\t\t<dd class='wp-caption-text gallery-caption' id='gallery-1-340'>\n\t\t\t\tDer Sekt wird bestellt\n\t\t\t\t<\/dd><\/dl><dl class='gallery-item'>\n\t\t\t<dt class='gallery-icon landscape'>\n\t\t\t\t<a href='http:\/\/www.edelmann.tv\/?attachment_id=341'><img width=\"800\" height=\"531\" src=\"http:\/\/www.edelmann.tv\/wp\/wp-content\/uploads\/2012\/12\/IMG_0072-800x531.jpg\" class=\"attachment-thumbnail size-thumbnail\" alt=\"\" decoding=\"async\" loading=\"lazy\" aria-describedby=\"gallery-1-341\" srcset=\"http:\/\/www.edelmann.tv\/wp\/wp-content\/uploads\/2012\/12\/IMG_0072-800x531.jpg 800w, http:\/\/www.edelmann.tv\/wp\/wp-content\/uploads\/2012\/12\/IMG_0072.jpg 1024w\" sizes=\"(max-width: 800px) 100vw, 800px\" data-attachment-id=\"341\" data-permalink=\"http:\/\/www.edelmann.tv\/?attachment_id=341\" data-orig-file=\"http:\/\/www.edelmann.tv\/wp\/wp-content\/uploads\/2012\/12\/IMG_0072.jpg\" data-orig-size=\"1024,680\" data-comments-opened=\"1\" data-image-meta=\"{&quot;aperture&quot;:&quot;0&quot;,&quot;credit&quot;:&quot;&quot;,&quot;camera&quot;:&quot;&quot;,&quot;caption&quot;:&quot;&quot;,&quot;created_timestamp&quot;:&quot;0&quot;,&quot;copyright&quot;:&quot;&quot;,&quot;focal_length&quot;:&quot;0&quot;,&quot;iso&quot;:&quot;0&quot;,&quot;shutter_speed&quot;:&quot;0&quot;,&quot;title&quot;:&quot;&quot;}\" data-image-title=\"IMG_0072\" data-image-description=\"\" data-image-caption=\"&lt;p&gt;Jetzt wird gefeiert&lt;\/p&gt;\n\" data-medium-file=\"http:\/\/www.edelmann.tv\/wp\/wp-content\/uploads\/2012\/12\/IMG_0072.jpg\" data-large-file=\"http:\/\/www.edelmann.tv\/wp\/wp-content\/uploads\/2012\/12\/IMG_0072.jpg\" \/><\/a>\n\t\t\t<\/dt>\n\t\t\t\t<dd class='wp-caption-text gallery-caption' id='gallery-1-341'>\n\t\t\t\tJetzt wird gefeiert\n\t\t\t\t<\/dd><\/dl><dl class='gallery-item'>\n\t\t\t<dt class='gallery-icon portrait'>\n\t\t\t\t<a href='http:\/\/www.edelmann.tv\/?attachment_id=343'><img width=\"600\" height=\"800\" src=\"http:\/\/www.edelmann.tv\/wp\/wp-content\/uploads\/2012\/12\/IMG_0098-600x800.jpg\" class=\"attachment-thumbnail size-thumbnail\" alt=\"\" decoding=\"async\" loading=\"lazy\" aria-describedby=\"gallery-1-343\" srcset=\"http:\/\/www.edelmann.tv\/wp\/wp-content\/uploads\/2012\/12\/IMG_0098-600x800.jpg 600w, http:\/\/www.edelmann.tv\/wp\/wp-content\/uploads\/2012\/12\/IMG_0098.jpg 768w\" sizes=\"(max-width: 600px) 100vw, 600px\" data-attachment-id=\"343\" data-permalink=\"http:\/\/www.edelmann.tv\/?attachment_id=343\" data-orig-file=\"http:\/\/www.edelmann.tv\/wp\/wp-content\/uploads\/2012\/12\/IMG_0098.jpg\" data-orig-size=\"768,1024\" data-comments-opened=\"1\" data-image-meta=\"{&quot;aperture&quot;:&quot;0&quot;,&quot;credit&quot;:&quot;&quot;,&quot;camera&quot;:&quot;&quot;,&quot;caption&quot;:&quot;&quot;,&quot;created_timestamp&quot;:&quot;0&quot;,&quot;copyright&quot;:&quot;&quot;,&quot;focal_length&quot;:&quot;0&quot;,&quot;iso&quot;:&quot;0&quot;,&quot;shutter_speed&quot;:&quot;0&quot;,&quot;title&quot;:&quot;&quot;}\" data-image-title=\"IMG_0098\" data-image-description=\"\" data-image-caption=\"&lt;p&gt;kurzes Photoshooting im Innenhof der Kirche in Bassano&lt;\/p&gt;\n\" data-medium-file=\"http:\/\/www.edelmann.tv\/wp\/wp-content\/uploads\/2012\/12\/IMG_0098.jpg\" data-large-file=\"http:\/\/www.edelmann.tv\/wp\/wp-content\/uploads\/2012\/12\/IMG_0098.jpg\" \/><\/a>\n\t\t\t<\/dt>\n\t\t\t\t<dd class='wp-caption-text gallery-caption' id='gallery-1-343'>\n\t\t\t\tkurzes Photoshooting im Innenhof der Kirche in Bassano\n\t\t\t\t<\/dd><\/dl><br style=\"clear: both\" \/><dl class='gallery-item'>\n\t\t\t<dt class='gallery-icon landscape'>\n\t\t\t\t<a href='http:\/\/www.edelmann.tv\/?attachment_id=394'><img width=\"800\" height=\"533\" src=\"http:\/\/www.edelmann.tv\/wp\/wp-content\/uploads\/2013\/02\/20130203-144700-800x533.jpg\" class=\"attachment-thumbnail size-thumbnail\" alt=\"\" decoding=\"async\" loading=\"lazy\" aria-describedby=\"gallery-1-394\" srcset=\"http:\/\/www.edelmann.tv\/wp\/wp-content\/uploads\/2013\/02\/20130203-144700-800x533.jpg 800w, http:\/\/www.edelmann.tv\/wp\/wp-content\/uploads\/2013\/02\/20130203-144700-1024x682.jpg 1024w, http:\/\/www.edelmann.tv\/wp\/wp-content\/uploads\/2013\/02\/20130203-144700.jpg 1280w\" sizes=\"(max-width: 800px) 100vw, 800px\" data-attachment-id=\"394\" data-permalink=\"http:\/\/www.edelmann.tv\/?attachment_id=394\" data-orig-file=\"http:\/\/www.edelmann.tv\/wp\/wp-content\/uploads\/2013\/02\/20130203-144700.jpg\" data-orig-size=\"1280,853\" data-comments-opened=\"1\" data-image-meta=\"{&quot;aperture&quot;:&quot;0&quot;,&quot;credit&quot;:&quot;&quot;,&quot;camera&quot;:&quot;&quot;,&quot;caption&quot;:&quot;&quot;,&quot;created_timestamp&quot;:&quot;0&quot;,&quot;copyright&quot;:&quot;&quot;,&quot;focal_length&quot;:&quot;0&quot;,&quot;iso&quot;:&quot;0&quot;,&quot;shutter_speed&quot;:&quot;0&quot;,&quot;title&quot;:&quot;&quot;}\" data-image-title=\"20130203-144700.jpg\" data-image-description=\"\" data-image-caption=\"&lt;p&gt;Piazzetta San Marco&lt;\/p&gt;\n\" data-medium-file=\"http:\/\/www.edelmann.tv\/wp\/wp-content\/uploads\/2013\/02\/20130203-144700-1024x682.jpg\" data-large-file=\"http:\/\/www.edelmann.tv\/wp\/wp-content\/uploads\/2013\/02\/20130203-144700.jpg\" \/><\/a>\n\t\t\t<\/dt>\n\t\t\t\t<dd class='wp-caption-text gallery-caption' id='gallery-1-394'>\n\t\t\t\tPiazzetta San Marco\n\t\t\t\t<\/dd><\/dl><dl class='gallery-item'>\n\t\t\t<dt class='gallery-icon landscape'>\n\t\t\t\t<a href='http:\/\/www.edelmann.tv\/?attachment_id=395'><img width=\"800\" height=\"531\" src=\"http:\/\/www.edelmann.tv\/wp\/wp-content\/uploads\/2013\/02\/20130203-144840-800x531.jpg\" class=\"attachment-thumbnail size-thumbnail\" alt=\"\" decoding=\"async\" loading=\"lazy\" aria-describedby=\"gallery-1-395\" srcset=\"http:\/\/www.edelmann.tv\/wp\/wp-content\/uploads\/2013\/02\/20130203-144840-800x531.jpg 800w, http:\/\/www.edelmann.tv\/wp\/wp-content\/uploads\/2013\/02\/20130203-144840-1024x680.jpg 1024w, http:\/\/www.edelmann.tv\/wp\/wp-content\/uploads\/2013\/02\/20130203-144840.jpg 1280w\" sizes=\"(max-width: 800px) 100vw, 800px\" data-attachment-id=\"395\" data-permalink=\"http:\/\/www.edelmann.tv\/?attachment_id=395\" data-orig-file=\"http:\/\/www.edelmann.tv\/wp\/wp-content\/uploads\/2013\/02\/20130203-144840.jpg\" data-orig-size=\"1280,850\" data-comments-opened=\"1\" data-image-meta=\"{&quot;aperture&quot;:&quot;0&quot;,&quot;credit&quot;:&quot;&quot;,&quot;camera&quot;:&quot;&quot;,&quot;caption&quot;:&quot;&quot;,&quot;created_timestamp&quot;:&quot;0&quot;,&quot;copyright&quot;:&quot;&quot;,&quot;focal_length&quot;:&quot;0&quot;,&quot;iso&quot;:&quot;0&quot;,&quot;shutter_speed&quot;:&quot;0&quot;,&quot;title&quot;:&quot;&quot;}\" data-image-title=\"20130203-144840.jpg\" data-image-description=\"\" data-image-caption=\"&lt;p&gt;Wassertaxi durch Venedig&lt;\/p&gt;\n\" data-medium-file=\"http:\/\/www.edelmann.tv\/wp\/wp-content\/uploads\/2013\/02\/20130203-144840-1024x680.jpg\" data-large-file=\"http:\/\/www.edelmann.tv\/wp\/wp-content\/uploads\/2013\/02\/20130203-144840.jpg\" \/><\/a>\n\t\t\t<\/dt>\n\t\t\t\t<dd class='wp-caption-text gallery-caption' id='gallery-1-395'>\n\t\t\t\tWassertaxi durch Venedig\n\t\t\t\t<\/dd><\/dl><dl class='gallery-item'>\n\t\t\t<dt class='gallery-icon landscape'>\n\t\t\t\t<a href='http:\/\/www.edelmann.tv\/?attachment_id=396'><img width=\"800\" height=\"531\" src=\"http:\/\/www.edelmann.tv\/wp\/wp-content\/uploads\/2013\/02\/20130203-144917-800x531.jpg\" class=\"attachment-thumbnail size-thumbnail\" alt=\"\" decoding=\"async\" loading=\"lazy\" aria-describedby=\"gallery-1-396\" srcset=\"http:\/\/www.edelmann.tv\/wp\/wp-content\/uploads\/2013\/02\/20130203-144917-800x531.jpg 800w, http:\/\/www.edelmann.tv\/wp\/wp-content\/uploads\/2013\/02\/20130203-144917-1024x680.jpg 1024w, http:\/\/www.edelmann.tv\/wp\/wp-content\/uploads\/2013\/02\/20130203-144917.jpg 1280w\" sizes=\"(max-width: 800px) 100vw, 800px\" data-attachment-id=\"396\" data-permalink=\"http:\/\/www.edelmann.tv\/?attachment_id=396\" data-orig-file=\"http:\/\/www.edelmann.tv\/wp\/wp-content\/uploads\/2013\/02\/20130203-144917.jpg\" data-orig-size=\"1280,850\" data-comments-opened=\"1\" data-image-meta=\"{&quot;aperture&quot;:&quot;0&quot;,&quot;credit&quot;:&quot;&quot;,&quot;camera&quot;:&quot;&quot;,&quot;caption&quot;:&quot;&quot;,&quot;created_timestamp&quot;:&quot;0&quot;,&quot;copyright&quot;:&quot;&quot;,&quot;focal_length&quot;:&quot;0&quot;,&quot;iso&quot;:&quot;0&quot;,&quot;shutter_speed&quot;:&quot;0&quot;,&quot;title&quot;:&quot;&quot;}\" data-image-title=\"20130203-144917.jpg\" data-image-description=\"\" data-image-caption=\"&lt;p&gt;Gondeln ins Gl\u00fcck&lt;\/p&gt;\n\" data-medium-file=\"http:\/\/www.edelmann.tv\/wp\/wp-content\/uploads\/2013\/02\/20130203-144917-1024x680.jpg\" data-large-file=\"http:\/\/www.edelmann.tv\/wp\/wp-content\/uploads\/2013\/02\/20130203-144917.jpg\" \/><\/a>\n\t\t\t<\/dt>\n\t\t\t\t<dd class='wp-caption-text gallery-caption' id='gallery-1-396'>\n\t\t\t\tGondeln ins Gl\u00fcck\n\t\t\t\t<\/dd><\/dl><br style=\"clear: both\" \/><dl class='gallery-item'>\n\t\t\t<dt class='gallery-icon landscape'>\n\t\t\t\t<a href='http:\/\/www.edelmann.tv\/?attachment_id=397'><img width=\"800\" height=\"531\" src=\"http:\/\/www.edelmann.tv\/wp\/wp-content\/uploads\/2013\/02\/20130203-144932-800x531.jpg\" class=\"attachment-thumbnail size-thumbnail\" alt=\"\" decoding=\"async\" loading=\"lazy\" aria-describedby=\"gallery-1-397\" srcset=\"http:\/\/www.edelmann.tv\/wp\/wp-content\/uploads\/2013\/02\/20130203-144932-800x531.jpg 800w, http:\/\/www.edelmann.tv\/wp\/wp-content\/uploads\/2013\/02\/20130203-144932-1024x680.jpg 1024w, http:\/\/www.edelmann.tv\/wp\/wp-content\/uploads\/2013\/02\/20130203-144932.jpg 1280w\" sizes=\"(max-width: 800px) 100vw, 800px\" data-attachment-id=\"397\" data-permalink=\"http:\/\/www.edelmann.tv\/?attachment_id=397\" data-orig-file=\"http:\/\/www.edelmann.tv\/wp\/wp-content\/uploads\/2013\/02\/20130203-144932.jpg\" data-orig-size=\"1280,850\" data-comments-opened=\"1\" data-image-meta=\"{&quot;aperture&quot;:&quot;0&quot;,&quot;credit&quot;:&quot;&quot;,&quot;camera&quot;:&quot;&quot;,&quot;caption&quot;:&quot;&quot;,&quot;created_timestamp&quot;:&quot;0&quot;,&quot;copyright&quot;:&quot;&quot;,&quot;focal_length&quot;:&quot;0&quot;,&quot;iso&quot;:&quot;0&quot;,&quot;shutter_speed&quot;:&quot;0&quot;,&quot;title&quot;:&quot;&quot;}\" data-image-title=\"20130203-144932.jpg\" data-image-description=\"\" data-image-caption=\"&lt;p&gt;Innenhof der Kirche San Francesco&lt;\/p&gt;\n\" data-medium-file=\"http:\/\/www.edelmann.tv\/wp\/wp-content\/uploads\/2013\/02\/20130203-144932-1024x680.jpg\" data-large-file=\"http:\/\/www.edelmann.tv\/wp\/wp-content\/uploads\/2013\/02\/20130203-144932.jpg\" \/><\/a>\n\t\t\t<\/dt>\n\t\t\t\t<dd class='wp-caption-text gallery-caption' id='gallery-1-397'>\n\t\t\t\tInnenhof der Kirche San Francesco\n\t\t\t\t<\/dd><\/dl><dl class='gallery-item'>\n\t\t\t<dt class='gallery-icon portrait'>\n\t\t\t\t<a href='http:\/\/www.edelmann.tv\/?attachment_id=398'><img width=\"533\" height=\"800\" src=\"http:\/\/www.edelmann.tv\/wp\/wp-content\/uploads\/2013\/02\/20130203-145221-533x800.jpg\" class=\"attachment-thumbnail size-thumbnail\" alt=\"\" decoding=\"async\" loading=\"lazy\" aria-describedby=\"gallery-1-398\" srcset=\"http:\/\/www.edelmann.tv\/wp\/wp-content\/uploads\/2013\/02\/20130203-145221-533x800.jpg 533w, http:\/\/www.edelmann.tv\/wp\/wp-content\/uploads\/2013\/02\/20130203-145221-682x1024.jpg 682w, http:\/\/www.edelmann.tv\/wp\/wp-content\/uploads\/2013\/02\/20130203-145221.jpg 853w\" sizes=\"(max-width: 533px) 100vw, 533px\" data-attachment-id=\"398\" data-permalink=\"http:\/\/www.edelmann.tv\/?attachment_id=398\" data-orig-file=\"http:\/\/www.edelmann.tv\/wp\/wp-content\/uploads\/2013\/02\/20130203-145221.jpg\" data-orig-size=\"853,1280\" data-comments-opened=\"1\" data-image-meta=\"{&quot;aperture&quot;:&quot;0&quot;,&quot;credit&quot;:&quot;&quot;,&quot;camera&quot;:&quot;&quot;,&quot;caption&quot;:&quot;&quot;,&quot;created_timestamp&quot;:&quot;0&quot;,&quot;copyright&quot;:&quot;&quot;,&quot;focal_length&quot;:&quot;0&quot;,&quot;iso&quot;:&quot;0&quot;,&quot;shutter_speed&quot;:&quot;0&quot;,&quot;title&quot;:&quot;&quot;}\" data-image-title=\"20130203-145221.jpg\" data-image-description=\"\" data-image-caption=\"&lt;p&gt;am fr\u00fchen Morgen&lt;\/p&gt;\n\" data-medium-file=\"http:\/\/www.edelmann.tv\/wp\/wp-content\/uploads\/2013\/02\/20130203-145221-682x1024.jpg\" data-large-file=\"http:\/\/www.edelmann.tv\/wp\/wp-content\/uploads\/2013\/02\/20130203-145221.jpg\" \/><\/a>\n\t\t\t<\/dt>\n\t\t\t\t<dd class='wp-caption-text gallery-caption' id='gallery-1-398'>\n\t\t\t\tam fr\u00fchen Morgen\n\t\t\t\t<\/dd><\/dl><dl class='gallery-item'>\n\t\t\t<dt class='gallery-icon portrait'>\n\t\t\t\t<a href='http:\/\/www.edelmann.tv\/?attachment_id=399'><img width=\"533\" height=\"800\" src=\"http:\/\/www.edelmann.tv\/wp\/wp-content\/uploads\/2013\/02\/20130203-145403-533x800.jpg\" class=\"attachment-thumbnail size-thumbnail\" alt=\"\" decoding=\"async\" loading=\"lazy\" aria-describedby=\"gallery-1-399\" srcset=\"http:\/\/www.edelmann.tv\/wp\/wp-content\/uploads\/2013\/02\/20130203-145403-533x800.jpg 533w, http:\/\/www.edelmann.tv\/wp\/wp-content\/uploads\/2013\/02\/20130203-145403-682x1024.jpg 682w, http:\/\/www.edelmann.tv\/wp\/wp-content\/uploads\/2013\/02\/20130203-145403.jpg 853w\" sizes=\"(max-width: 533px) 100vw, 533px\" data-attachment-id=\"399\" data-permalink=\"http:\/\/www.edelmann.tv\/?attachment_id=399\" data-orig-file=\"http:\/\/www.edelmann.tv\/wp\/wp-content\/uploads\/2013\/02\/20130203-145403.jpg\" data-orig-size=\"853,1280\" data-comments-opened=\"1\" data-image-meta=\"{&quot;aperture&quot;:&quot;0&quot;,&quot;credit&quot;:&quot;&quot;,&quot;camera&quot;:&quot;&quot;,&quot;caption&quot;:&quot;&quot;,&quot;created_timestamp&quot;:&quot;0&quot;,&quot;copyright&quot;:&quot;&quot;,&quot;focal_length&quot;:&quot;0&quot;,&quot;iso&quot;:&quot;0&quot;,&quot;shutter_speed&quot;:&quot;0&quot;,&quot;title&quot;:&quot;&quot;}\" data-image-title=\"20130203-145403.jpg\" data-image-description=\"\" data-image-caption=\"&lt;p&gt;auf dem Weg zum Markusplatz&lt;\/p&gt;\n\" data-medium-file=\"http:\/\/www.edelmann.tv\/wp\/wp-content\/uploads\/2013\/02\/20130203-145403-682x1024.jpg\" data-large-file=\"http:\/\/www.edelmann.tv\/wp\/wp-content\/uploads\/2013\/02\/20130203-145403.jpg\" \/><\/a>\n\t\t\t<\/dt>\n\t\t\t\t<dd class='wp-caption-text gallery-caption' id='gallery-1-399'>\n\t\t\t\tauf dem Weg zum Markusplatz\n\t\t\t\t<\/dd><\/dl><br style=\"clear: both\" \/><dl class='gallery-item'>\n\t\t\t<dt class='gallery-icon landscape'>\n\t\t\t\t<a href='http:\/\/www.edelmann.tv\/?attachment_id=400'><img width=\"800\" height=\"533\" src=\"http:\/\/www.edelmann.tv\/wp\/wp-content\/uploads\/2013\/02\/20130203-145447-800x533.jpg\" class=\"attachment-thumbnail size-thumbnail\" alt=\"\" decoding=\"async\" loading=\"lazy\" aria-describedby=\"gallery-1-400\" srcset=\"http:\/\/www.edelmann.tv\/wp\/wp-content\/uploads\/2013\/02\/20130203-145447-800x533.jpg 800w, http:\/\/www.edelmann.tv\/wp\/wp-content\/uploads\/2013\/02\/20130203-145447-1024x682.jpg 1024w, http:\/\/www.edelmann.tv\/wp\/wp-content\/uploads\/2013\/02\/20130203-145447.jpg 1280w\" sizes=\"(max-width: 800px) 100vw, 800px\" data-attachment-id=\"400\" data-permalink=\"http:\/\/www.edelmann.tv\/?attachment_id=400\" data-orig-file=\"http:\/\/www.edelmann.tv\/wp\/wp-content\/uploads\/2013\/02\/20130203-145447.jpg\" data-orig-size=\"1280,853\" data-comments-opened=\"1\" data-image-meta=\"{&quot;aperture&quot;:&quot;0&quot;,&quot;credit&quot;:&quot;&quot;,&quot;camera&quot;:&quot;&quot;,&quot;caption&quot;:&quot;&quot;,&quot;created_timestamp&quot;:&quot;0&quot;,&quot;copyright&quot;:&quot;&quot;,&quot;focal_length&quot;:&quot;0&quot;,&quot;iso&quot;:&quot;0&quot;,&quot;shutter_speed&quot;:&quot;0&quot;,&quot;title&quot;:&quot;&quot;}\" data-image-title=\"20130203-145447.jpg\" data-image-description=\"\" data-image-caption=\"&lt;p&gt;Ponte degli Alpini&lt;\/p&gt;\n\" data-medium-file=\"http:\/\/www.edelmann.tv\/wp\/wp-content\/uploads\/2013\/02\/20130203-145447-1024x682.jpg\" data-large-file=\"http:\/\/www.edelmann.tv\/wp\/wp-content\/uploads\/2013\/02\/20130203-145447.jpg\" \/><\/a>\n\t\t\t<\/dt>\n\t\t\t\t<dd class='wp-caption-text gallery-caption' id='gallery-1-400'>\n\t\t\t\tPonte degli Alpini\n\t\t\t\t<\/dd><\/dl><dl class='gallery-item'>\n\t\t\t<dt class='gallery-icon landscape'>\n\t\t\t\t<a href='http:\/\/www.edelmann.tv\/?attachment_id=401'><img width=\"800\" height=\"533\" src=\"http:\/\/www.edelmann.tv\/wp\/wp-content\/uploads\/2013\/02\/20130203-145552-800x533.jpg\" class=\"attachment-thumbnail size-thumbnail\" alt=\"\" decoding=\"async\" loading=\"lazy\" aria-describedby=\"gallery-1-401\" srcset=\"http:\/\/www.edelmann.tv\/wp\/wp-content\/uploads\/2013\/02\/20130203-145552-800x533.jpg 800w, http:\/\/www.edelmann.tv\/wp\/wp-content\/uploads\/2013\/02\/20130203-145552.jpg 900w\" sizes=\"(max-width: 800px) 100vw, 800px\" data-attachment-id=\"401\" data-permalink=\"http:\/\/www.edelmann.tv\/?attachment_id=401\" data-orig-file=\"http:\/\/www.edelmann.tv\/wp\/wp-content\/uploads\/2013\/02\/20130203-145552.jpg\" data-orig-size=\"900,600\" data-comments-opened=\"1\" data-image-meta=\"{&quot;aperture&quot;:&quot;0&quot;,&quot;credit&quot;:&quot;&quot;,&quot;camera&quot;:&quot;&quot;,&quot;caption&quot;:&quot;&quot;,&quot;created_timestamp&quot;:&quot;0&quot;,&quot;copyright&quot;:&quot;&quot;,&quot;focal_length&quot;:&quot;0&quot;,&quot;iso&quot;:&quot;0&quot;,&quot;shutter_speed&quot;:&quot;0&quot;,&quot;title&quot;:&quot;&quot;}\" data-image-title=\"20130203-145552.jpg\" data-image-description=\"\" data-image-caption=\"&lt;p&gt;Emanuele nebst Chiara, der perfekte Dolmetscher und Weddingplaner&lt;\/p&gt;\n\" data-medium-file=\"http:\/\/www.edelmann.tv\/wp\/wp-content\/uploads\/2013\/02\/20130203-145552.jpg\" data-large-file=\"http:\/\/www.edelmann.tv\/wp\/wp-content\/uploads\/2013\/02\/20130203-145552.jpg\" \/><\/a>\n\t\t\t<\/dt>\n\t\t\t\t<dd class='wp-caption-text gallery-caption' id='gallery-1-401'>\n\t\t\t\tEmanuele nebst Chiara, der perfekte Dolmetscher und Weddingplaner\n\t\t\t\t<\/dd><\/dl>\n\t\t\t<br style='clear: both' \/>\n\t\t<\/div>\n\n","protected":false},"excerpt":{"rendered":"<p>Am 06.12.2012 in Bassano del Grappa\/Italien war es soweit. Wir starteten den Tag im Palazzo Sturm \/ Keramikmuseum mit dem offiziellem Teil der Trauung; an einem unfliegbaren und strahlend sch\u00f6nem Nordf\u00f6hntag. Unsere n\u00e4chsten Stationen an (&hellip;) <a href=\"http:\/\/www.edelmann.tv\/?p=8\">Weiterlesen<\/a><\/p>\n","protected":false},"author":2,"featured_media":290,"comment_status":"open","ping_status":"open","sticky":false,"template":"","format":"gallery","meta":[],"categories":[50],"tags":[6,5],"jetpack_sharing_enabled":true,"jetpack_featured_media_url":"http:\/\/www.edelmann.tv\/wp\/wp-content\/uploads\/2013\/01\/DSC_0125.jpg","_links":{"self":[{"href":"http:\/\/www.edelmann.tv\/index.php?rest_route=\/wp\/v2\/posts\/8"}],"collection":[{"href":"http:\/\/www.edelmann.tv\/index.php?rest_route=\/wp\/v2\/posts"}],"about":[{"href":"http:\/\/www.edelmann.tv\/index.php?rest_route=\/wp\/v2\/types\/post"}],"author":[{"embeddable":true,"href":"http:\/\/www.edelmann.tv\/index.php?rest_route=\/wp\/v2\/users\/2"}],"replies":[{"embeddable":true,"href":"http:\/\/www.edelmann.tv\/index.php?rest_route=%2Fwp%2Fv2%2Fcomments&post=8"}],"version-history":[{"count":50,"href":"http:\/\/www.edelmann.tv\/index.php?rest_route=\/wp\/v2\/posts\/8\/revisions"}],"predecessor-version":[{"id":1087,"href":"http:\/\/www.edelmann.tv\/index.php?rest_route=\/wp\/v2\/posts\/8\/revisions\/1087"}],"wp:featuredmedia":[{"embeddable":true,"href":"http:\/\/www.edelmann.tv\/index.php?rest_route=\/wp\/v2\/media\/290"}],"wp:attachment":[{"href":"http:\/\/www.edelmann.tv\/index.php?rest_route=%2Fwp%2Fv2%2Fmedia&parent=8"}],"wp:term":[{"taxonomy":"category","embeddable":true,"href":"http:\/\/www.edelmann.tv\/index.php?rest_route=%2Fwp%2Fv2%2Fcategories&post=8"},{"taxonomy":"post_tag","embeddable":true,"href":"http:\/\/www.edelmann.tv\/index.php?rest_route=%2Fwp%2Fv2%2Ftags&post=8"}],"curies":[{"name":"wp","href":"https:\/\/api.w.org\/{rel}","templated":true}]}}